{"id":5092,"date":"2022-09-21T18:23:24","date_gmt":"2022-09-21T17:23:24","guid":{"rendered":"http:\/\/www.vcelarskyspolek.cz\/?p=5092"},"modified":"2022-09-21T18:23:24","modified_gmt":"2022-09-21T17:23:24","slug":"pridany-nove-fotky","status":"publish","type":"post","link":"http:\/\/www.vcelarskyspolek.cz\/?p=5092","title":{"rendered":"P\u0159id\u00e1ny nov\u00e9 fotky"},"content":{"rendered":"<p>Do <a href=\"https:\/\/www.vcelarskyspolek.cz\/foto\/\">galerie<\/a> byly p\u0159id\u00e1ny nov\u00e9 fotky.<\/p>\n<ul>\n<li><a href=\"http:\/\/www.vcelarskyspolek.cz\/foto\/8-5-2020-prelarvovani-pro-zajemce-v-arealu-lomnickych-vcelaru\/\">8. 5. 2020 &#8211; P\u0159elarvov\u00e1n\u00ed v are\u00e1lu lomnick\u00fdch v\u010dela\u0159\u016f<\/a><\/li>\n<li><a href=\"http:\/\/www.vcelarskyspolek.cz\/11-9-2020-vyrocni-schuze\/\">11. 9. 2020 &#8211; V\u00fdro\u010dn\u00ed sch\u016fze<\/a><\/li>\n<li><a href=\"http:\/\/www.vcelarskyspolek.cz\/foto\/7-5-2022-prelarvovani-pro-zajemce-v-arealu-lomnickych-vcelaru\/\">7. 5. 2022 &#8211; P\u0159elarvov\u00e1n\u00ed v are\u00e1lu lomnick\u00fdch v\u010dela\u0159\u016f<\/a><\/li>\n<li><a href=\"http:\/\/www.vcelarskyspolek.cz\/foto\/14-5-2020-chovatelsky-den-lomnice-nad-popelkou\/\">14. 5. 2022 &#8211; Chovatelsk\u00fd den<\/a><\/li>\n<li><a href=\"http:\/\/www.vcelarskyspolek.cz\/foto\/27-8-2022-130-let-od-zalozeni-vcelarskeho-spolku-v-lomnici-nad-popelkou\/\">27. 8. 2022 &#8211; 130 let od zalo\u017een\u00ed v\u010dela\u0159sk\u00e9ho spolku Lomnice nad Popelkou<\/a><\/li>\n<\/ul>\n","protected":false},"excerpt":{"rendered":"<p>Do galerie byly p\u0159id\u00e1ny nov\u00e9 fotky. 8. 5. 2020 &#8211; P\u0159elarvov\u00e1n\u00ed v are\u00e1lu lomnick\u00fdch v\u010dela\u0159\u016f 11. 9. 2020 &#8211; V\u00fdro\u010dn\u00ed sch\u016fze 7. 5. 2022 &#8211; P\u0159elarvov\u00e1n\u00ed v are\u00e1lu lomnick\u00fdch v\u010dela\u0159\u016f 14. 5. 2022 &#8211; Chovatelsk\u00fd den 27. 8. 2022 &#8211;<span class=\"ellipsis\">&hellip;<\/span><\/p>\n<div class=\"read-more\"><a href=\"http:\/\/www.vcelarskyspolek.cz\/?p=5092\">\u010c\u00edst d\u00e1le &#8250;<\/a><\/div>\n<p><!-- end of .read-more --><\/p>\n","protected":false},"author":1,"featured_media":0,"comment_status":"closed","ping_status":"closed","sticky":false,"template":"","format":"standard","meta":{"ngg_post_thumbnail":0},"categories":[1],"tags":[],"yoast_head":"<!-- This site is optimized with the Yoast SEO plugin v19.13-RC1 - https:\/\/yoast.com\/wordpress\/plugins\/seo\/ -->\n<title>P\u0159id\u00e1ny nov\u00e9 fotky - V\u010cELA\u0158I Lomnice nad Popelkou<\/title>\n<meta name=\"description\" content=\"Do galerie byly p\u0159id\u00e1ny nov\u00e9 fotky. 8. 5. 2020 - P\u0159elarvov\u00e1n\u00ed v are\u00e1lu lomnick\u00fdch v\u010dela\u0159\u016f 11. 9. 2020 - V\u00fdro\u010dn\u00ed sch\u016fze 7. 5. 2022 - P\u0159elarvov\u00e1n\u00ed v are\u00e1lu\" \/>\n<meta name=\"robots\" content=\"index, follow, max-snippet:-1, max-image-preview:large, max-video-preview:-1\" \/>\n<link rel=\"canonical\" href=\"http:\/\/www.vcelarskyspolek.cz\/?p=5092\" \/>\n<meta property=\"og:locale\" content=\"cs_CZ\" \/>\n<meta property=\"og:type\" content=\"article\" \/>\n<meta property=\"og:title\" content=\"P\u0159id\u00e1ny nov\u00e9 fotky - V\u010cELA\u0158I Lomnice nad Popelkou\" \/>\n<meta property=\"og:description\" content=\"Do galerie byly p\u0159id\u00e1ny nov\u00e9 fotky. 8. 5. 2020 - P\u0159elarvov\u00e1n\u00ed v are\u00e1lu lomnick\u00fdch v\u010dela\u0159\u016f 11. 9. 2020 - V\u00fdro\u010dn\u00ed sch\u016fze 7. 5. 2022 - P\u0159elarvov\u00e1n\u00ed v are\u00e1lu\" \/>\n<meta property=\"og:url\" content=\"http:\/\/www.vcelarskyspolek.cz\/?p=5092\" \/>\n<meta property=\"og:site_name\" content=\"V\u010cELA\u0158I Lomnice nad Popelkou\" \/>\n<meta property=\"article:published_time\" content=\"2022-09-21T17:23:24+00:00\" \/>\n<meta name=\"author\" content=\"admin\" \/>\n<meta name=\"twitter:card\" content=\"summary_large_image\" \/>\n<meta name=\"twitter:label1\" content=\"Napsal(a)\" \/>\n\t<meta name=\"twitter:data1\" content=\"admin\" \/>\n<script type=\"application\/ld+json\" class=\"yoast-schema-graph\">{\"@context\":\"https:\/\/schema.org\",\"@graph\":[{\"@type\":\"WebPage\",\"@id\":\"http:\/\/www.vcelarskyspolek.cz\/?p=5092\",\"url\":\"http:\/\/www.vcelarskyspolek.cz\/?p=5092\",\"name\":\"P\u0159id\u00e1ny nov\u00e9 fotky - V\u010cELA\u0158I Lomnice nad Popelkou\",\"isPartOf\":{\"@id\":\"https:\/\/www.vcelarskyspolek.cz\/#website\"},\"datePublished\":\"2022-09-21T17:23:24+00:00\",\"dateModified\":\"2022-09-21T17:23:24+00:00\",\"author\":{\"@id\":\"https:\/\/www.vcelarskyspolek.cz\/#\/schema\/person\/0f023727f58bef1238c4863717adbe87\"},\"description\":\"Do galerie byly p\u0159id\u00e1ny nov\u00e9 fotky. 8. 5. 2020 - P\u0159elarvov\u00e1n\u00ed v are\u00e1lu lomnick\u00fdch v\u010dela\u0159\u016f 11. 9. 2020 - V\u00fdro\u010dn\u00ed sch\u016fze 7. 5. 2022 - P\u0159elarvov\u00e1n\u00ed v are\u00e1lu\",\"breadcrumb\":{\"@id\":\"http:\/\/www.vcelarskyspolek.cz\/?p=5092#breadcrumb\"},\"inLanguage\":\"cs\",\"potentialAction\":[{\"@type\":\"ReadAction\",\"target\":[\"http:\/\/www.vcelarskyspolek.cz\/?p=5092\"]}]},{\"@type\":\"BreadcrumbList\",\"@id\":\"http:\/\/www.vcelarskyspolek.cz\/?p=5092#breadcrumb\",\"itemListElement\":[{\"@type\":\"ListItem\",\"position\":1,\"name\":\"Dom\u016f\",\"item\":\"https:\/\/www.vcelarskyspolek.cz\/\"},{\"@type\":\"ListItem\",\"position\":2,\"name\":\"P\u0159id\u00e1ny nov\u00e9 fotky\"}]},{\"@type\":\"WebSite\",\"@id\":\"https:\/\/www.vcelarskyspolek.cz\/#website\",\"url\":\"https:\/\/www.vcelarskyspolek.cz\/\",\"name\":\"V\u010cELA\u0158I Lomnice nad Popelkou\",\"description\":\"\",\"potentialAction\":[{\"@type\":\"SearchAction\",\"target\":{\"@type\":\"EntryPoint\",\"urlTemplate\":\"https:\/\/www.vcelarskyspolek.cz\/?s={search_term_string}\"},\"query-input\":\"required name=search_term_string\"}],\"inLanguage\":\"cs\"},{\"@type\":\"Person\",\"@id\":\"https:\/\/www.vcelarskyspolek.cz\/#\/schema\/person\/0f023727f58bef1238c4863717adbe87\",\"name\":\"admin\",\"image\":{\"@type\":\"ImageObject\",\"inLanguage\":\"cs\",\"@id\":\"https:\/\/www.vcelarskyspolek.cz\/#\/schema\/person\/image\/\",\"url\":\"http:\/\/2.gravatar.com\/avatar\/e600e8ba39fb5f8bed9eef45ed9313e7?s=96&d=mm&r=g\",\"contentUrl\":\"http:\/\/2.gravatar.com\/avatar\/e600e8ba39fb5f8bed9eef45ed9313e7?s=96&d=mm&r=g\",\"caption\":\"admin\"},\"url\":\"http:\/\/www.vcelarskyspolek.cz\/?author=1\"}]}<\/script>\n<!-- \/ Yoast SEO plugin. -->","yoast_head_json":{"title":"P\u0159id\u00e1ny nov\u00e9 fotky - V\u010cELA\u0158I Lomnice nad Popelkou","description":"Do galerie byly p\u0159id\u00e1ny nov\u00e9 fotky. 8. 5. 2020 - P\u0159elarvov\u00e1n\u00ed v are\u00e1lu lomnick\u00fdch v\u010dela\u0159\u016f 11. 9. 2020 - V\u00fdro\u010dn\u00ed sch\u016fze 7. 5. 2022 - P\u0159elarvov\u00e1n\u00ed v are\u00e1lu","robots":{"index":"index","follow":"follow","max-snippet":"max-snippet:-1","max-image-preview":"max-image-preview:large","max-video-preview":"max-video-preview:-1"},"canonical":"http:\/\/www.vcelarskyspolek.cz\/?p=5092","og_locale":"cs_CZ","og_type":"article","og_title":"P\u0159id\u00e1ny nov\u00e9 fotky - V\u010cELA\u0158I Lomnice nad Popelkou","og_description":"Do galerie byly p\u0159id\u00e1ny nov\u00e9 fotky. 8. 5. 2020 - P\u0159elarvov\u00e1n\u00ed v are\u00e1lu lomnick\u00fdch v\u010dela\u0159\u016f 11. 9. 2020 - V\u00fdro\u010dn\u00ed sch\u016fze 7. 5. 2022 - P\u0159elarvov\u00e1n\u00ed v are\u00e1lu","og_url":"http:\/\/www.vcelarskyspolek.cz\/?p=5092","og_site_name":"V\u010cELA\u0158I Lomnice nad Popelkou","article_published_time":"2022-09-21T17:23:24+00:00","author":"admin","twitter_card":"summary_large_image","twitter_misc":{"Napsal(a)":"admin"},"schema":{"@context":"https:\/\/schema.org","@graph":[{"@type":"WebPage","@id":"http:\/\/www.vcelarskyspolek.cz\/?p=5092","url":"http:\/\/www.vcelarskyspolek.cz\/?p=5092","name":"P\u0159id\u00e1ny nov\u00e9 fotky - V\u010cELA\u0158I Lomnice nad Popelkou","isPartOf":{"@id":"https:\/\/www.vcelarskyspolek.cz\/#website"},"datePublished":"2022-09-21T17:23:24+00:00","dateModified":"2022-09-21T17:23:24+00:00","author":{"@id":"https:\/\/www.vcelarskyspolek.cz\/#\/schema\/person\/0f023727f58bef1238c4863717adbe87"},"description":"Do galerie byly p\u0159id\u00e1ny nov\u00e9 fotky. 8. 5. 2020 - P\u0159elarvov\u00e1n\u00ed v are\u00e1lu lomnick\u00fdch v\u010dela\u0159\u016f 11. 9. 2020 - V\u00fdro\u010dn\u00ed sch\u016fze 7. 5. 2022 - P\u0159elarvov\u00e1n\u00ed v are\u00e1lu","breadcrumb":{"@id":"http:\/\/www.vcelarskyspolek.cz\/?p=5092#breadcrumb"},"inLanguage":"cs","potentialAction":[{"@type":"ReadAction","target":["http:\/\/www.vcelarskyspolek.cz\/?p=5092"]}]},{"@type":"BreadcrumbList","@id":"http:\/\/www.vcelarskyspolek.cz\/?p=5092#breadcrumb","itemListElement":[{"@type":"ListItem","position":1,"name":"Dom\u016f","item":"https:\/\/www.vcelarskyspolek.cz\/"},{"@type":"ListItem","position":2,"name":"P\u0159id\u00e1ny nov\u00e9 fotky"}]},{"@type":"WebSite","@id":"https:\/\/www.vcelarskyspolek.cz\/#website","url":"https:\/\/www.vcelarskyspolek.cz\/","name":"V\u010cELA\u0158I Lomnice nad Popelkou","description":"","potentialAction":[{"@type":"SearchAction","target":{"@type":"EntryPoint","urlTemplate":"https:\/\/www.vcelarskyspolek.cz\/?s={search_term_string}"},"query-input":"required name=search_term_string"}],"inLanguage":"cs"},{"@type":"Person","@id":"https:\/\/www.vcelarskyspolek.cz\/#\/schema\/person\/0f023727f58bef1238c4863717adbe87","name":"admin","image":{"@type":"ImageObject","inLanguage":"cs","@id":"https:\/\/www.vcelarskyspolek.cz\/#\/schema\/person\/image\/","url":"http:\/\/2.gravatar.com\/avatar\/e600e8ba39fb5f8bed9eef45ed9313e7?s=96&d=mm&r=g","contentUrl":"http:\/\/2.gravatar.com\/avatar\/e600e8ba39fb5f8bed9eef45ed9313e7?s=96&d=mm&r=g","caption":"admin"},"url":"http:\/\/www.vcelarskyspolek.cz\/?author=1"}]}},"_links":{"self":[{"href":"http:\/\/www.vcelarskyspolek.cz\/index.php?rest_route=\/wp\/v2\/posts\/5092"}],"collection":[{"href":"http:\/\/www.vcelarskyspolek.cz\/index.php?rest_route=\/wp\/v2\/posts"}],"about":[{"href":"http:\/\/www.vcelarskyspolek.cz\/index.php?rest_route=\/wp\/v2\/types\/post"}],"author":[{"embeddable":true,"href":"http:\/\/www.vcelarskyspolek.cz\/index.php?rest_route=\/wp\/v2\/users\/1"}],"replies":[{"embeddable":true,"href":"http:\/\/www.vcelarskyspolek.cz\/index.php?rest_route=%2Fwp%2Fv2%2Fcomments&post=5092"}],"version-history":[{"count":2,"href":"http:\/\/www.vcelarskyspolek.cz\/index.php?rest_route=\/wp\/v2\/posts\/5092\/revisions"}],"predecessor-version":[{"id":5096,"href":"http:\/\/www.vcelarskyspolek.cz\/index.php?rest_route=\/wp\/v2\/posts\/5092\/revisions\/5096"}],"wp:attachment":[{"href":"http:\/\/www.vcelarskyspolek.cz\/index.php?rest_route=%2Fwp%2Fv2%2Fmedia&parent=5092"}],"wp:term":[{"taxonomy":"category","embeddable":true,"href":"http:\/\/www.vcelarskyspolek.cz\/index.php?rest_route=%2Fwp%2Fv2%2Fcategories&post=5092"},{"taxonomy":"post_tag","embeddable":true,"href":"http:\/\/www.vcelarskyspolek.cz\/index.php?rest_route=%2Fwp%2Fv2%2Ftags&post=5092"}],"curies":[{"name":"wp","href":"https:\/\/api.w.org\/{rel}","templated":true}]}}